{"id":894,"date":"2023-12-04T12:50:13","date_gmt":"2023-12-04T11:50:13","guid":{"rendered":"https:\/\/www.geist-heidelberg.de\/de\/?p=894"},"modified":"2023-12-04T12:50:13","modified_gmt":"2023-12-04T11:50:13","slug":"so-wird-die-woche-04-12-10-12","status":"publish","type":"post","link":"https:\/\/www.geist-heidelberg.de\/de\/so-wird-die-woche-04-12-10-12-894","title":{"rendered":"So wird die Woche 04.12. \u2013 10.12."},"content":{"rendered":"<p>Wir starten in eine weitere Woche <em>Geist Heidelberg<\/em> mit <b>G\u00fcnther Hasinger<\/b>, der \u00fcber den Nutzen des neuen James-Webb-Weltraumteleskops aufkl\u00e4rt. W\u00e4hrend <b>Andreas Meyer-Lindenberg<\/b> \u00fcber den positiven Effekt von Gr\u00fcnfl\u00e4chen f\u00fcr die menschliche Psyche spricht, r\u00e4umt die Meteorologin <b>Insa Thiele-Eich<\/b> mit einigen Wettermythen auf. Das letzte Wort der Woche hat der Biochemiker <b>Johannes Krause<\/b>, der den wahren Grund f\u00fcr Beethovens Tod enth\u00fcllt.<\/p>\n","protected":false},"excerpt":{"rendered":"<p>Wir starten in eine weitere Woche Geist Heidelberg mit G\u00fcnther Hasinger, der \u00fcber den Nutzen des neuen James-Webb-Weltraumteleskops aufkl\u00e4rt. W\u00e4hrend Andreas Meyer-Lindenberg \u00fcber den positiven Effekt von Gr\u00fcnfl\u00e4chen f\u00fcr die menschliche Psyche spricht, r\u00e4umt die Meteorologin Insa Thiele-Eich mit einigen Wettermythen auf. Das letzte Wort der Woche hat der Biochemiker Johannes Krause, der den wahren [&hellip;]<\/p>\n","protected":false},"author":4,"featured_media":0,"comment_status":"closed","ping_status":"closed","sticky":false,"template":"","format":"standard","meta":{"footnotes":""},"categories":[1],"tags":[],"class_list":["post-894","post","type-post","status-publish","format-standard","hentry","category-allgemein"],"yoast_head":"<!-- This site is optimized with the Yoast SEO plugin v26.6 - https:\/\/yoast.com\/wordpress\/plugins\/seo\/ -->\n<title>So wird die Woche 04.12. \u2013 10.12. - Geist Heidelberg Deutsch<\/title>\n<meta name=\"robots\" content=\"index, follow, max-snippet:-1, max-image-preview:large, max-video-preview:-1\" \/>\n<link rel=\"canonical\" href=\"https:\/\/www.geist-heidelberg.de\/de\/so-wird-die-woche-04-12-10-12-894\" \/>\n<meta property=\"og:locale\" content=\"de_DE\" \/>\n<meta property=\"og:type\" content=\"article\" \/>\n<meta property=\"og:title\" content=\"So wird die Woche 04.12. \u2013 10.12. - Geist Heidelberg Deutsch\" \/>\n<meta property=\"og:description\" content=\"Wir starten in eine weitere Woche Geist Heidelberg mit G\u00fcnther Hasinger, der \u00fcber den Nutzen des neuen James-Webb-Weltraumteleskops aufkl\u00e4rt. W\u00e4hrend Andreas Meyer-Lindenberg \u00fcber den positiven Effekt von Gr\u00fcnfl\u00e4chen f\u00fcr die menschliche Psyche spricht, r\u00e4umt die Meteorologin Insa Thiele-Eich mit einigen Wettermythen auf. Das letzte Wort der Woche hat der Biochemiker Johannes Krause, der den wahren [&hellip;]\" \/>\n<meta property=\"og:url\" content=\"https:\/\/www.geist-heidelberg.de\/de\/so-wird-die-woche-04-12-10-12-894\" \/>\n<meta property=\"og:site_name\" content=\"Geist Heidelberg Deutsch\" \/>\n<meta property=\"article:published_time\" content=\"2023-12-04T11:50:13+00:00\" \/>\n<meta name=\"author\" content=\"filipfehrmann\" \/>\n<meta name=\"twitter:card\" content=\"summary_large_image\" \/>\n<script type=\"application\/ld+json\" class=\"yoast-schema-graph\">{\"@context\":\"https:\/\/schema.org\",\"@graph\":[{\"@type\":\"WebPage\",\"@id\":\"https:\/\/www.geist-heidelberg.de\/de\/so-wird-die-woche-04-12-10-12-894\",\"url\":\"https:\/\/www.geist-heidelberg.de\/de\/so-wird-die-woche-04-12-10-12-894\",\"name\":\"So wird die Woche 04.12. \u2013 10.12. - Geist Heidelberg Deutsch\",\"isPartOf\":{\"@id\":\"https:\/\/www.geist-heidelberg.de\/de\/#website\"},\"datePublished\":\"2023-12-04T11:50:13+00:00\",\"author\":{\"@id\":\"https:\/\/www.geist-heidelberg.de\/de\/#\/schema\/person\/9fd9bd3a72d8c83ece4bf5a2a1e8a758\"},\"breadcrumb\":{\"@id\":\"https:\/\/www.geist-heidelberg.de\/de\/so-wird-die-woche-04-12-10-12-894#breadcrumb\"},\"inLanguage\":\"de\",\"potentialAction\":[{\"@type\":\"ReadAction\",\"target\":[\"https:\/\/www.geist-heidelberg.de\/de\/so-wird-die-woche-04-12-10-12-894\"]}]},{\"@type\":\"BreadcrumbList\",\"@id\":\"https:\/\/www.geist-heidelberg.de\/de\/so-wird-die-woche-04-12-10-12-894#breadcrumb\",\"itemListElement\":[{\"@type\":\"ListItem\",\"position\":1,\"name\":\"Startseite\",\"item\":\"https:\/\/www.geist-heidelberg.de\/de\/\"},{\"@type\":\"ListItem\",\"position\":2,\"name\":\"So wird die Woche 04.12. \u2013 10.12.\"}]},{\"@type\":\"WebSite\",\"@id\":\"https:\/\/www.geist-heidelberg.de\/de\/#website\",\"url\":\"https:\/\/www.geist-heidelberg.de\/de\/\",\"name\":\"Geist Heidelberg Deutsch\",\"description\":\"International Science Festival\",\"potentialAction\":[{\"@type\":\"SearchAction\",\"target\":{\"@type\":\"EntryPoint\",\"urlTemplate\":\"https:\/\/www.geist-heidelberg.de\/de\/?s={search_term_string}\"},\"query-input\":{\"@type\":\"PropertyValueSpecification\",\"valueRequired\":true,\"valueName\":\"search_term_string\"}}],\"inLanguage\":\"de\"},{\"@type\":\"Person\",\"@id\":\"https:\/\/www.geist-heidelberg.de\/de\/#\/schema\/person\/9fd9bd3a72d8c83ece4bf5a2a1e8a758\",\"name\":\"filipfehrmann\"}]}<\/script>\n<!-- \/ Yoast SEO plugin. -->","yoast_head_json":{"title":"So wird die Woche 04.12. \u2013 10.12. - Geist Heidelberg Deutsch","robots":{"index":"index","follow":"follow","max-snippet":"max-snippet:-1","max-image-preview":"max-image-preview:large","max-video-preview":"max-video-preview:-1"},"canonical":"https:\/\/www.geist-heidelberg.de\/de\/so-wird-die-woche-04-12-10-12-894","og_locale":"de_DE","og_type":"article","og_title":"So wird die Woche 04.12. \u2013 10.12. - Geist Heidelberg Deutsch","og_description":"Wir starten in eine weitere Woche Geist Heidelberg mit G\u00fcnther Hasinger, der \u00fcber den Nutzen des neuen James-Webb-Weltraumteleskops aufkl\u00e4rt. W\u00e4hrend Andreas Meyer-Lindenberg \u00fcber den positiven Effekt von Gr\u00fcnfl\u00e4chen f\u00fcr die menschliche Psyche spricht, r\u00e4umt die Meteorologin Insa Thiele-Eich mit einigen Wettermythen auf. Das letzte Wort der Woche hat der Biochemiker Johannes Krause, der den wahren [&hellip;]","og_url":"https:\/\/www.geist-heidelberg.de\/de\/so-wird-die-woche-04-12-10-12-894","og_site_name":"Geist Heidelberg Deutsch","article_published_time":"2023-12-04T11:50:13+00:00","author":"filipfehrmann","twitter_card":"summary_large_image","schema":{"@context":"https:\/\/schema.org","@graph":[{"@type":"WebPage","@id":"https:\/\/www.geist-heidelberg.de\/de\/so-wird-die-woche-04-12-10-12-894","url":"https:\/\/www.geist-heidelberg.de\/de\/so-wird-die-woche-04-12-10-12-894","name":"So wird die Woche 04.12. \u2013 10.12. - Geist Heidelberg Deutsch","isPartOf":{"@id":"https:\/\/www.geist-heidelberg.de\/de\/#website"},"datePublished":"2023-12-04T11:50:13+00:00","author":{"@id":"https:\/\/www.geist-heidelberg.de\/de\/#\/schema\/person\/9fd9bd3a72d8c83ece4bf5a2a1e8a758"},"breadcrumb":{"@id":"https:\/\/www.geist-heidelberg.de\/de\/so-wird-die-woche-04-12-10-12-894#breadcrumb"},"inLanguage":"de","potentialAction":[{"@type":"ReadAction","target":["https:\/\/www.geist-heidelberg.de\/de\/so-wird-die-woche-04-12-10-12-894"]}]},{"@type":"BreadcrumbList","@id":"https:\/\/www.geist-heidelberg.de\/de\/so-wird-die-woche-04-12-10-12-894#breadcrumb","itemListElement":[{"@type":"ListItem","position":1,"name":"Startseite","item":"https:\/\/www.geist-heidelberg.de\/de\/"},{"@type":"ListItem","position":2,"name":"So wird die Woche 04.12. \u2013 10.12."}]},{"@type":"WebSite","@id":"https:\/\/www.geist-heidelberg.de\/de\/#website","url":"https:\/\/www.geist-heidelberg.de\/de\/","name":"Geist Heidelberg Deutsch","description":"International Science Festival","potentialAction":[{"@type":"SearchAction","target":{"@type":"EntryPoint","urlTemplate":"https:\/\/www.geist-heidelberg.de\/de\/?s={search_term_string}"},"query-input":{"@type":"PropertyValueSpecification","valueRequired":true,"valueName":"search_term_string"}}],"inLanguage":"de"},{"@type":"Person","@id":"https:\/\/www.geist-heidelberg.de\/de\/#\/schema\/person\/9fd9bd3a72d8c83ece4bf5a2a1e8a758","name":"filipfehrmann"}]}},"_links":{"self":[{"href":"https:\/\/www.geist-heidelberg.de\/de\/wp-json\/wp\/v2\/posts\/894","targetHints":{"allow":["GET"]}}],"collection":[{"href":"https:\/\/www.geist-heidelberg.de\/de\/wp-json\/wp\/v2\/posts"}],"about":[{"href":"https:\/\/www.geist-heidelberg.de\/de\/wp-json\/wp\/v2\/types\/post"}],"author":[{"embeddable":true,"href":"https:\/\/www.geist-heidelberg.de\/de\/wp-json\/wp\/v2\/users\/4"}],"replies":[{"embeddable":true,"href":"https:\/\/www.geist-heidelberg.de\/de\/wp-json\/wp\/v2\/comments?post=894"}],"version-history":[{"count":1,"href":"https:\/\/www.geist-heidelberg.de\/de\/wp-json\/wp\/v2\/posts\/894\/revisions"}],"predecessor-version":[{"id":895,"href":"https:\/\/www.geist-heidelberg.de\/de\/wp-json\/wp\/v2\/posts\/894\/revisions\/895"}],"wp:attachment":[{"href":"https:\/\/www.geist-heidelberg.de\/de\/wp-json\/wp\/v2\/media?parent=894"}],"wp:term":[{"taxonomy":"category","embeddable":true,"href":"https:\/\/www.geist-heidelberg.de\/de\/wp-json\/wp\/v2\/categories?post=894"},{"taxonomy":"post_tag","embeddable":true,"href":"https:\/\/www.geist-heidelberg.de\/de\/wp-json\/wp\/v2\/tags?post=894"}],"curies":[{"name":"wp","href":"https:\/\/api.w.org\/{rel}","templated":true}]}}